{"id":6239,"date":"2019-09-15T10:41:00","date_gmt":"2019-09-15T08:41:00","guid":{"rendered":"https:\/\/masterveil.se\/hur-fungerar-luftridaer-i-djupfrysta-utrymmen\/"},"modified":"2026-04-28T15:42:10","modified_gmt":"2026-04-28T13:42:10","slug":"hur-fungerar-luftridaer-i-djupfrysta-utrymmen","status":"publish","type":"post","link":"https:\/\/www.masterveil-eu.com\/sv\/hur-fungerar-luftridaer-i-djupfrysta-utrymmen\/","title":{"rendered":"Hur fungerar luftrid\u00e5er till frysrum?"},"content":{"rendered":"<h3 class='g-block g-heading'>Varf\u00f6r uppst\u00e5r problem i frysrum?<\/h3>\n\n\n<p>N\u00e4r en \u00f6ppning mellan ett varmt och ett kallt utrymme st\u00e5r \u00f6ppen b\u00f6rjar luften r\u00f6ra sig mellan zonerna. Den varmare luften utanf\u00f6r frysrummet inneh\u00e5ller mer fukt \u00e4n luften inne i frysen. N\u00e4r den fuktiga luften kommer in i det kalla utrymmet kondenserar den och visar sig som dimma, frost, sn\u00f6 eller is.<\/p>\n\n\n\n<p>Det h\u00e4r kan skapa flera problem samtidigt. Sikten f\u00f6rs\u00e4mras, golv och ytor blir hala, hygienen p\u00e5verkas och anl\u00e4ggningen belastas h\u00e5rdare \u00e4n n\u00f6dv\u00e4ndigt. Ju oftare porten eller d\u00f6rren \u00f6ppnas, desto st\u00f6rre blir problemen.<\/p>\n\n\n<h3 class='g-block g-heading'>Vad g\u00f6r en luftrid\u00e5 i ett frysrum?<\/h3>\n\n\n<p>En <strong>luftrid\u00e5 till frysrum<\/strong> skapar en kontrollerad luftstr\u00f6m i \u00f6ppningen mellan tv\u00e5 temperaturzoner. Syftet \u00e4r att minska luftutbytet mellan den kalla milj\u00f6n inne i frysen och den varmare milj\u00f6n utanf\u00f6r.<\/p>\n\n\n\n<p>I enklare milj\u00f6er kan en luftrid\u00e5 fr\u00e4mst handla om komfort och energibesparing. I ett frysrum \u00e4r kraven h\u00f6gre. D\u00e4r beh\u00f6ver l\u00f6sningen inte bara minska v\u00e4rmel\u00e4ckage, utan ocks\u00e5 begr\u00e4nsa <strong>fuktintr\u00e4ngning<\/strong> och d\u00e4rmed minska risken f\u00f6r <strong>isbildning och dimma<\/strong>.<\/p>\n\n\n<h3 class='g-block g-heading'>Varf\u00f6r fungerar inte alla luftrid\u00e5er lika bra i frysrum?<\/h3>\n\n\n<p>Alla luftrid\u00e5er \u00e4r inte byggda f\u00f6r frysmilj\u00f6er. M\u00e5nga system fungerar bra i <a href=\"https:\/\/www.masterveil-eu.com\/sv\/luftridakategorier\/entreer\/\">entr\u00e9er<\/a> eller andra \u00f6ppningar d\u00e4r m\u00e5let fr\u00e4mst \u00e4r att minska drag och energif\u00f6rlust. I ett frysrum kr\u00e4vs mer \u00e4n s\u00e5.<\/p>\n\n\n\n<p>I frysapplikationer beh\u00f6ver luftrid\u00e5n hantera b\u00e5de temperaturskillnaden och den fukt som f\u00f6ljer med luften utifr\u00e5n. Om systemet inte \u00e4r anpassat f\u00f6r detta kan man fortfarande f\u00e5 stora problem med dimma, frost och is, \u00e4ven om en luftstr\u00f6m finns p\u00e5 plats.<\/p>\n\n\n<section class='g-block g-columns g-columns--gap g-columns--stack' >\n\t\t\n<div class=\"g-columns__item g-column\" style=\"--flex-basis:50%;--adjust:center;\">\n\t\n<h3 class='g-block g-heading'>Tv\u00e5 luftstr\u00e5lar: vad betyder det i praktiken?<\/h3>\n\n\n<p>I vissa l\u00f6sningar f\u00f6r frysrum anv\u00e4nds tv\u00e5 parallella luftstr\u00e5lar.<\/p>\n\n\n\n<p>Den f\u00f6rsta luftstr\u00e5len fungerar som en separationsluftstr\u00f6m mellan den varma och den kalla zonen. Den andra luftstr\u00e5len v\u00e4rms upp och fungerar som en isoleringsluftstr\u00f6m som hj\u00e4lper till att minska effekten av den inkommande luftfuktigheten.<\/p>\n\n\n\n<p>Det viktiga i praktiken \u00e4r inte att kunna varje teknisk detalj, utan att f\u00f6rst\u00e5 att <strong>frysrum ofta kr\u00e4ver en mer avancerad luftrid\u00e5l\u00f6sning<\/strong> \u00e4n andra \u00f6ppningar. En luftrid\u00e5 som fungerar bra i en vanlig portmilj\u00f6 \u00e4r inte automatiskt r\u00e4tt val f\u00f6r ett frysutrymme. L\u00e4s mer om <a href=\"https:\/\/www.masterveil-eu.com\/sv\/luftridaer-hogt-tryck-vs-lagt-tryck-en-guide-till-optimal-energieffektivitet\/\">skillnader i hur luftstr\u00f6mmar fungerar i olika milj\u00f6er<\/a>.<\/p>\n\n<\/div>\n\n\n<div class=\"g-columns__item g-column\" style=\"--flex-basis:50%;--adjust:center;\">\n\t\n\n<div id='g-media--6726' class='g-block g-media g-media--crop g-media--gallery g-media--columns-2 g-media--gap' >\n\t<figure class=\"g-figure g-media__item g-media__item--image\"><div class=\"g-figure__wrapper\" onclick='g_fullscreen_modal.init_modal(this,&#039;g-image-modal--3371&#039;, &#039;g-media--6726&#039;)' data-fullscreen-src='https:\/\/www.masterveil-eu.com\/app\/uploads\/2024\/04\/luftschleiern-in-der-tiefkuhlung.webp' data-fullscreen-srcset='https:\/\/www.masterveil-eu.com\/app\/uploads\/2024\/04\/luftschleiern-in-der-tiefkuhlung.webp 353w, https:\/\/www.masterveil-eu.com\/app\/uploads\/2024\/04\/luftschleiern-in-der-tiefkuhlung-300x204.webp 300w' data-fullscreen-sizes='(max-width: 353px) 100vw, 353px'><img decoding=\"async\" class=\"g-image\" src=\"https:\/\/www.masterveil-eu.com\/app\/uploads\/2024\/04\/luftschleiern-in-der-tiefkuhlung.webp\" srcset=\"https:\/\/www.masterveil-eu.com\/app\/uploads\/2024\/04\/luftschleiern-in-der-tiefkuhlung.webp 353w, https:\/\/www.masterveil-eu.com\/app\/uploads\/2024\/04\/luftschleiern-in-der-tiefkuhlung-300x204.webp 300w\" sizes=\"(max-width: 353px) 100vw, 353px\" alt=\"Powerstream funktion\" style=\"object-position: centrum centrum\">\n<\/div><\/figure><figure class=\"g-figure g-media__item g-media__item--image\"><div class=\"g-figure__wrapper\" onclick='g_fullscreen_modal.init_modal(this,&#039;g-image-modal--3371&#039;, &#039;g-media--6726&#039;)' data-fullscreen-src='https:\/\/www.masterveil-eu.com\/app\/uploads\/2024\/04\/grafiek-airflow.webp' data-fullscreen-srcset='https:\/\/www.masterveil-eu.com\/app\/uploads\/2024\/04\/grafiek-airflow.webp 800w, https:\/\/www.masterveil-eu.com\/app\/uploads\/2024\/04\/grafiek-airflow-683x410.webp 683w, https:\/\/www.masterveil-eu.com\/app\/uploads\/2024\/04\/grafiek-airflow-768x461.webp 768w, https:\/\/www.masterveil-eu.com\/app\/uploads\/2024\/04\/grafiek-airflow-455x273.webp 455w, https:\/\/www.masterveil-eu.com\/app\/uploads\/2024\/04\/grafiek-airflow-300x180.webp 300w' data-fullscreen-sizes='(max-width: 800px) 100vw, 800px'><img decoding=\"async\" class=\"g-image\" src=\"https:\/\/www.masterveil-eu.com\/app\/uploads\/2024\/04\/grafiek-airflow.webp\" srcset=\"https:\/\/www.masterveil-eu.com\/app\/uploads\/2024\/04\/grafiek-airflow.webp 800w, https:\/\/www.masterveil-eu.com\/app\/uploads\/2024\/04\/grafiek-airflow-683x410.webp 683w, https:\/\/www.masterveil-eu.com\/app\/uploads\/2024\/04\/grafiek-airflow-768x461.webp 768w, https:\/\/www.masterveil-eu.com\/app\/uploads\/2024\/04\/grafiek-airflow-455x273.webp 455w, https:\/\/www.masterveil-eu.com\/app\/uploads\/2024\/04\/grafiek-airflow-300x180.webp 300w\" sizes=\"(max-width: 800px) 100vw, 800px\" style=\"object-position: centrum centrum\">\n<\/div><\/figure><\/div>\n\n\n\n<\/div>\n\n\n<\/section>\n\n\n<h3 class='g-block g-heading'>Vanliga problem som en luftrid\u00e5 till frysrum kan minska<\/h3>\n\n\n<p>N\u00e4r f\u00f6retag b\u00f6rjar se \u00f6ver sin l\u00f6sning \u00e4r det ofta f\u00f6r att de redan m\u00e4rker konsekvenserna i vardagen. Det kan handla om:<\/p>\n\n\n\n<ul class=\"wp-block-list\">\n<li>dimma i \u00f6ppningen mellan varm och kall zon<\/li>\n\n\n\n<li>isbildning p\u00e5 golv, v\u00e4ggar eller utrustning<\/li>\n\n\n\n<li>sn\u00f6bildning inne i frysrummet<\/li>\n\n\n\n<li>halkrisk f\u00f6r personal och trucktrafik<\/li>\n\n\n\n<li>h\u00f6gre energif\u00f6rbrukning \u00e4n n\u00f6dv\u00e4ndigt<\/li>\n\n\n\n<li>hygieniska utmaningar i k\u00e4nsliga milj\u00f6er<\/li>\n<\/ul>\n\n\n\n<p>Om s\u00e5dana problem \u00e5terkommer \u00e4r det ofta ett tecken p\u00e5 att \u00f6ppningen mellan temperaturzonerna inte \u00e4r tillr\u00e4ckligt kontrollerad.<\/p>\n\n\n<h3 class='g-block g-heading'>N\u00e4r \u00e4r en luftrid\u00e5 r\u00e4tt l\u00f6sning f\u00f6r frysrum?<\/h3>\n\n\n<p>En luftrid\u00e5 \u00e4r s\u00e4rskilt relevant n\u00e4r d\u00f6rrar eller portar \u00f6ppnas ofta mellan ett frysutrymme och en varmare milj\u00f6, till exempel i <a href=\"https:\/\/www.masterveil-eu.com\/sv\/luftridakategorier\/logistik-industriportar\/\">logistikfl\u00f6den<\/a>, livsmedelsindustri eller andra verksamheter d\u00e4r gods, truckar och personal passerar regelbundet.<\/p>\n\n\n\n<p>Den \u00e4r ofta r\u00e4tt l\u00f6sning n\u00e4r man vill beh\u00e5lla ett effektivt fl\u00f6de genom \u00f6ppningen, men samtidigt minska problemen med fukt, is och energif\u00f6rluster. M\u00e5let \u00e4r inte bara att spara energi, utan ocks\u00e5 att skapa en s\u00e4krare, renare och mer stabil driftmilj\u00f6.<\/p>\n\n\n<h3 class='g-block g-heading'>R\u00e4tt luftrid\u00e5 beror p\u00e5 er milj\u00f6<\/h3>\n\n\n<p>Det finns ingen standardl\u00f6sning som passar alla frysrum. \u00d6ppningens storlek, temperaturen p\u00e5 b\u00e5da sidor, hur ofta passager sker och vilken typ av verksamhet som bedrivs p\u00e5verkar vilken l\u00f6sning som fungerar b\u00e4st.<\/p>\n\n\n\n<p>D\u00e4rf\u00f6r beh\u00f6ver man alltid utg\u00e5 fr\u00e5n den faktiska milj\u00f6n. En l\u00f6sning som fungerar i ett sammanhang beh\u00f6ver inte ge samma resultat i ett annat.<\/p>\n\n\n<h3 class='g-block g-heading'>Beh\u00f6ver ni hj\u00e4lp att bed\u00f6ma om luftrid\u00e5 \u00e4r r\u00e4tt f\u00f6r ert frysrum?<\/h3>\n\n\n<p>Har ni problem med <strong>fuktintr\u00e4ngning, dimma eller isbildning i frysrum<\/strong>? D\u00e5 kan det vara l\u00e4ge att se \u00f6ver om en luftrid\u00e5 \u00e4r r\u00e4tt l\u00f6sning f\u00f6r just er \u00f6ppning och ert fl\u00f6de. L\u00e4s mer om <a href=\"https:\/\/www.masterveil-eu.com\/sv\/las-om-hur-findus-overvann-sina-frysutmaningar\/\">hur vi l\u00f6ste ett liknande problem f\u00f6r Findus<\/a>.<\/p>\n\n\n\n<p><a href=\"https:\/\/www.masterveil-eu.com\/sv\/kontakt\/\">Kontakta Masterveil<\/a> s\u00e5 hj\u00e4lper vi er att bed\u00f6ma er milj\u00f6 och hitta en l\u00f6sning som fungerar i praktiken.<\/p>\n\n\n<h3 class='g-block g-heading'>Vanliga fr\u00e5gor (FAQ)<\/h3>\n\n<script type=\"application\/ld+json\">{\"@context\":\"https:\/\/schema.org\",\"@type\":\"FAQPage\",\"mainEntity\":[{\"@type\":\"Question\",\"name\":\"Vad \\u00e4r den st\\u00f6rsta utmaningen i frysrum?\",\"acceptedAnswer\":{\"@type\":\"Answer\",\"text\":\"<p>Det st\\u00f6rsta problemet \\u00e4r ofta inte bara kyla, utan att varm och fuktig luft tr\\u00e4nger in n\\u00e4r d\\u00f6rrar \\u00f6ppnas. Det kan orsaka dimma, sn\\u00f6, isbildning och halkrisk.<\/p>\\n\"}},{\"@type\":\"Question\",\"name\":\"Hur hj\\u00e4lper en luftrid\\u00e5 i ett frysrum?\",\"acceptedAnswer\":{\"@type\":\"Answer\",\"text\":\"<p>En luftrid\\u00e5 skapar en kontrollerad luftstr\\u00f6m i \\u00f6ppningen som minskar luftutbytet mellan varm och kall zon och hj\\u00e4lper till att minska fuktintr\\u00e4ngning.<\/p>\\n\"}},{\"@type\":\"Question\",\"name\":\"Kan alla luftrid\\u00e5er anv\\u00e4ndas till frysrum?\",\"acceptedAnswer\":{\"@type\":\"Answer\",\"text\":\"<p>Nej. Frysmilj\\u00f6er st\\u00e4ller h\\u00f6gre krav \\u00e4n vanliga entr\\u00e9er eller portar, och l\\u00f6sningen beh\\u00f6ver vara anpassad f\\u00f6r b\\u00e5de temperaturskillnader och luftfuktighet.<\/p>\\n\"}},{\"@type\":\"Question\",\"name\":\"N\\u00e4r b\\u00f6r man se \\u00f6ver en luftrid\\u00e5l\\u00f6sning?\",\"acceptedAnswer\":{\"@type\":\"Answer\",\"text\":\"<p>Om ni har \\u00e5terkommande problem med dimma, frost, isbildning, kalla luftstr\\u00f6mmar eller energif\\u00f6rluster i anslutning till frysrum \\u00e4r det ofta dags att se \\u00f6ver l\\u00f6sningen.<\/p>\\n\"}}]}<\/script><div class=' g-accordion g-block g-faq'><div class=\"g-accordion__item\"><div class=\"g-accordion__header g-accordion__header--collapsed\"><h3>Vad \u00e4r den st\u00f6rsta utmaningen i frysrum?<\/h3><svg xmlns=\"http:\/\/www.w3.org\/2000\/svg\" fill=\"none\" viewBox=\"0 0 20 20\"><path stroke=\"#000\" stroke-linecap=\"round\" stroke-linejoin=\"round\" stroke-miterlimit=\"10\" stroke-width=\"1.5\" d=\"m5.5 19 9-9-9-9\"\/><\/svg><\/div><div class=\"g-accordion__content g-accordion__content--collapsed\" style=\"display:none;\"><p>Det st\u00f6rsta problemet \u00e4r ofta inte bara kyla, utan att varm och fuktig luft tr\u00e4nger in n\u00e4r d\u00f6rrar \u00f6ppnas. Det kan orsaka dimma, sn\u00f6, isbildning och halkrisk.<\/p>\n<\/div><\/div><div class=\"g-accordion__item\"><div class=\"g-accordion__header g-accordion__header--collapsed\"><h3>Hur hj\u00e4lper en luftrid\u00e5 i ett frysrum?<\/h3><svg xmlns=\"http:\/\/www.w3.org\/2000\/svg\" fill=\"none\" viewBox=\"0 0 20 20\"><path stroke=\"#000\" stroke-linecap=\"round\" stroke-linejoin=\"round\" stroke-miterlimit=\"10\" stroke-width=\"1.5\" d=\"m5.5 19 9-9-9-9\"\/><\/svg><\/div><div class=\"g-accordion__content g-accordion__content--collapsed\" style=\"display:none;\"><p>En luftrid\u00e5 skapar en kontrollerad luftstr\u00f6m i \u00f6ppningen som minskar luftutbytet mellan varm och kall zon och hj\u00e4lper till att minska fuktintr\u00e4ngning.<\/p>\n<\/div><\/div><div class=\"g-accordion__item\"><div class=\"g-accordion__header g-accordion__header--collapsed\"><h3>Kan alla luftrid\u00e5er anv\u00e4ndas till frysrum?<\/h3><svg xmlns=\"http:\/\/www.w3.org\/2000\/svg\" fill=\"none\" viewBox=\"0 0 20 20\"><path stroke=\"#000\" stroke-linecap=\"round\" stroke-linejoin=\"round\" stroke-miterlimit=\"10\" stroke-width=\"1.5\" d=\"m5.5 19 9-9-9-9\"\/><\/svg><\/div><div class=\"g-accordion__content g-accordion__content--collapsed\" style=\"display:none;\"><p>Nej. Frysmilj\u00f6er st\u00e4ller h\u00f6gre krav \u00e4n vanliga entr\u00e9er eller portar, och l\u00f6sningen beh\u00f6ver vara anpassad f\u00f6r b\u00e5de temperaturskillnader och luftfuktighet.<\/p>\n<\/div><\/div><div class=\"g-accordion__item\"><div class=\"g-accordion__header g-accordion__header--collapsed\"><h3>N\u00e4r b\u00f6r man se \u00f6ver en luftrid\u00e5l\u00f6sning?<\/h3><svg xmlns=\"http:\/\/www.w3.org\/2000\/svg\" fill=\"none\" viewBox=\"0 0 20 20\"><path stroke=\"#000\" stroke-linecap=\"round\" stroke-linejoin=\"round\" stroke-miterlimit=\"10\" stroke-width=\"1.5\" d=\"m5.5 19 9-9-9-9\"\/><\/svg><\/div><div class=\"g-accordion__content g-accordion__content--collapsed\" style=\"display:none;\"><p>Om ni har \u00e5terkommande problem med dimma, frost, isbildning, kalla luftstr\u00f6mmar eller energif\u00f6rluster i anslutning till frysrum \u00e4r det ofta dags att se \u00f6ver l\u00f6sningen.<\/p>\n<\/div><\/div><\/div>","protected":false},"excerpt":{"rendered":"N\u00e4r en \u00f6ppning mellan ett varmt och ett kallt utrymme st\u00e5r \u00f6ppen b\u00f6rjar luften r\u00f6ra sig mellan zonerna. Den varmare luften utanf\u00f6r frysrummet inneh\u00e5ller mer fukt \u00e4n luften inne i frysen. N\u00e4r den fuktiga luften kommer in i det kalla utrymmet kondenserar den och visar sig som dimma, frost, sn\u00f6 eller is. Det h\u00e4r kan&#8230;","protected":false},"author":1,"featured_media":4730,"comment_status":"closed","ping_status":"closed","sticky":false,"template":"","format":"standard","meta":{"_acf_changed":false,"_seopress_robots_primary_cat":"none","_seopress_titles_title":"","_seopress_titles_desc":"","_seopress_robots_index":"","_relevanssi_hide_post":"","_relevanssi_hide_content":"","_relevanssi_pin_for_all":"","_relevanssi_pin_keywords":"","_relevanssi_unpin_keywords":"","_relevanssi_related_keywords":"","_relevanssi_related_include_ids":"","_relevanssi_related_exclude_ids":"","_relevanssi_related_no_append":"","_relevanssi_related_not_related":"","_relevanssi_related_posts":"","_relevanssi_noindex_reason":"","footnotes":""},"category":[155],"class_list":["post-6239","post","type-post","status-publish","format-standard","has-post-thumbnail","hentry","category-masterveil"],"acf":[],"_links":{"self":[{"href":"https:\/\/www.masterveil-eu.com\/sv\/wp-json\/wp\/v2\/posts\/6239","targetHints":{"allow":["GET"]}}],"collection":[{"href":"https:\/\/www.masterveil-eu.com\/sv\/wp-json\/wp\/v2\/posts"}],"about":[{"href":"https:\/\/www.masterveil-eu.com\/sv\/wp-json\/wp\/v2\/types\/post"}],"author":[{"embeddable":true,"href":"https:\/\/www.masterveil-eu.com\/sv\/wp-json\/wp\/v2\/users\/1"}],"replies":[{"embeddable":true,"href":"https:\/\/www.masterveil-eu.com\/sv\/wp-json\/wp\/v2\/comments?post=6239"}],"version-history":[{"count":4,"href":"https:\/\/www.masterveil-eu.com\/sv\/wp-json\/wp\/v2\/posts\/6239\/revisions"}],"predecessor-version":[{"id":65497,"href":"https:\/\/www.masterveil-eu.com\/sv\/wp-json\/wp\/v2\/posts\/6239\/revisions\/65497"}],"wp:featuredmedia":[{"embeddable":true,"href":"https:\/\/www.masterveil-eu.com\/sv\/wp-json\/wp\/v2\/media\/4730"}],"wp:attachment":[{"href":"https:\/\/www.masterveil-eu.com\/sv\/wp-json\/wp\/v2\/media?parent=6239"}],"wp:term":[{"taxonomy":"category","embeddable":true,"href":"https:\/\/www.masterveil-eu.com\/sv\/wp-json\/wp\/v2\/category?post=6239"}],"curies":[{"name":"wp","href":"https:\/\/api.w.org\/{rel}","templated":true}]}}